{"id":1317,"date":"2017-11-17T13:11:46","date_gmt":"2017-11-17T16:11:46","guid":{"rendered":"http:\/\/nyemba.unilab.edu.br\/?p=1317"},"modified":"2017-11-20T23:47:20","modified_gmt":"2017-11-21T02:47:20","slug":"eventos-novembro-negro","status":"publish","type":"post","link":"https:\/\/nyemba.unilab.edu.br\/index.php\/2017\/11\/17\/eventos-novembro-negro\/","title":{"rendered":"Eventos &#8211; Novembro Negro"},"content":{"rendered":"<h2 style=\"text-align: center;\"><span style=\"color: #000000;\"><strong>Confira os eventos da agenda do <span style=\"color: #800000;\">Novembro Negro<\/span> na Bahia, que ter\u00e3o participa\u00e7\u00e3o confirmada de Membros do Nyemba.<\/strong><\/span><\/h2>\n<p>&nbsp;<\/p>\n<hr \/>\n<p style=\"text-align: center;\">A UNILAB por meio do Grupo de estudos NYEMBA, em parceria com a Funda\u00e7\u00e3o Pedro Calmon por meio do Centro de Memorias da Bahia, convida a todxs para a exposi\u00e7\u00e3o<strong> &#8220;Navio Negreiro &#8211; Castro Alves e Hansen Bahia&#8221;<\/strong> que estar\u00e1 exposta na UNILAB &#8211; Campus dos Mal\u00eas do dia 21\/11\/2017 \u00e1 25\/11\/2017.<br \/>\nEm decorr\u00eancia da exposi\u00e7\u00e3o, ser\u00e1 oferecido tamb\u00e9m uma Oficina de Xilogravura com Zimaldo Baptista, que acontecer\u00e1 nos dias 22 de Novembro (manh\u00e3 e tarde) e 23 de Novembro (manh\u00e3) no Campus dos Mal\u00eas.<\/p>\n<p style=\"text-align: center;\">A exposi\u00e7\u00e3o ser\u00e1 do Poema de Castro Alves &#8220;Navio Negreiro&#8221; e as obras em Xilogravura que Hansen Bahia criou por meio do poema.<\/p>\n<p><a href=\"https:\/\/nyemba.unilab.edu.br\/wp-content\/uploads\/2017\/11\/2017-11-20-PHOTO-00000323-2.jpg\"><img loading=\"lazy\" decoding=\"async\" class=\"aligncenter wp-image-1445 \" src=\"https:\/\/nyemba.unilab.edu.br\/wp-content\/uploads\/2017\/11\/2017-11-20-PHOTO-00000323-2-787x1024.jpg\" alt=\"\" width=\"663\" height=\"863\" srcset=\"https:\/\/nyemba.unilab.edu.br\/wp-content\/uploads\/2017\/11\/2017-11-20-PHOTO-00000323-2-787x1024.jpg 787w, https:\/\/nyemba.unilab.edu.br\/wp-content\/uploads\/2017\/11\/2017-11-20-PHOTO-00000323-2-231x300.jpg 231w, https:\/\/nyemba.unilab.edu.br\/wp-content\/uploads\/2017\/11\/2017-11-20-PHOTO-00000323-2-768x999.jpg 768w, https:\/\/nyemba.unilab.edu.br\/wp-content\/uploads\/2017\/11\/2017-11-20-PHOTO-00000323-2.jpg 984w\" sizes=\"auto, (max-width: 663px) 100vw, 663px\" \/><\/a><\/p>\n<p style=\"text-align: center;\"><strong>As inscri\u00e7\u00f5es ser\u00e3o feitas no ato da Oficina.\u00a0<\/strong><\/p>\n<p style=\"text-align: center;\"><span style=\"color: #800000;\"><strong>Aguardamos todxs!<\/strong><\/span><\/p>\n<p>&nbsp;<\/p>\n<hr \/>\n<p style=\"text-align: center;\">Os grupos de pesquisa,\u00a0<strong>Nyemba &#8211; Processos Sociais, Mem\u00f3rias e Narrativas Brasil\/\u00c1frica; \u00c1frica Contempor\u00e2nea; e Di\u00e1spora<\/strong> est\u00e3o promovendo o lan\u00e7amento do\u00a0document\u00e1rio \u201cAl\u00e9m do Espelho\u201d, dirigido por Ana Flauzina, que ser\u00e1 lan\u00e7ado na Bahia no m\u00eas de novembro. O filme registra o di\u00e1logo de duas das mais importantes vozes da resist\u00eancia negra da contemporaneidade: o jornalista brasileiro Edson Cardoso e o cineasta et\u00edope, Haile Gerima.<\/p>\n<p style=\"text-align: center;\">Os lan\u00e7amentos ser\u00e3o com a exibi\u00e7\u00e3o do filme seguida de debate com os dois protagonistas e a diretora<a href=\"https:\/\/nyemba.unilab.edu.br\/wp-content\/uploads\/2017\/10\/alem-do-espelho.jpg\"><img loading=\"lazy\" decoding=\"async\" class=\"aligncenter wp-image-1300 size-full\" src=\"https:\/\/nyemba.unilab.edu.br\/wp-content\/uploads\/2017\/10\/alem-do-espelho.jpg\" alt=\"\" width=\"663\" height=\"960\" srcset=\"https:\/\/nyemba.unilab.edu.br\/wp-content\/uploads\/2017\/10\/alem-do-espelho.jpg 663w, https:\/\/nyemba.unilab.edu.br\/wp-content\/uploads\/2017\/10\/alem-do-espelho-207x300.jpg 207w\" sizes=\"auto, (max-width: 663px) 100vw, 663px\" \/><\/a><\/p>\n<p style=\"text-align: center;\"><a href=\"https:\/\/mail-attachment.googleusercontent.com\/attachment\/u\/0\/?ui=2&amp;ik=114cb5a937&amp;view=att&amp;th=15fcb7a0b1617164&amp;attid=0.1&amp;disp=inline&amp;realattid=2e17aac830c8b5c0_0.1.1&amp;safe=1&amp;zw&amp;saddbat=ANGjdJ8Eb7o-wmyOrcIvF6jZ1LnRgSaubH02cjBu32Egb9Gs3DJCLrzLpC7tdempm_ojdg4W0lxIpQpivvh4p-mcUyFnip1QPGlDcDSCrPhWHlvWSGTFR6s7ywlqTVLt4sNrrfG4xIan54guYZTFKUgru8ZQ25wc9-3n7xfMYFB6AXHUHPRISPlJKat0G6TQr0oW8czlQ7N4ctmOsKKvMotzl9rwvV-KtzrgsTktEmdQr1pc8jIJQ27zepXlqYMaEbEmy_XT0lKvT4LFkVrc2g3aEPtCbO3bpnbudzqhpEnfGr5S018oLhaH2rSI8FwfFik3HvA7P6k4BP6sMrXeGDlRU0bMfXX64vj2b0akmHRs3rAMIrnd2jAugtSICQLogGyLrJxA9UTybtRBoSi42p4qDYMwctR3WjGjcXNFMewPJ6K_kjJ-ZxP7HXJ191AsE9DN--5uG6m46i_rV2bUTrbl60qoHCgvXk6YPLMVqjwgzDqT9srg8cUw-QaOeA6VacK_K9Mgbrvw-Cez89LbTqGXdbaWCkhRdK5CDB28u7WRaaX43noSPR1hbC7Y23EveoPK_dFznLSsuNegdkoXa61I4wSxXyT4PiNGHxbQrQ\" target=\"_blank\" rel=\"noopener\"><strong>Release.<\/strong><\/a><\/p>\n<p style=\"text-align: center;\"><a href=\"https:\/\/www.youtube.com\/watch?v=x2SFa7I7EhI\" target=\"_blank\" rel=\"noopener\"><strong>Assista ao Trailer .<\/strong><\/a><\/p>\n<p>&nbsp;<\/p>\n<p style=\"text-align: center;\"><strong><span style=\"color: #800000;\">Contato Produ\u00e7\u00e3o<\/span>\u00a0<\/strong><\/p>\n<p style=\"text-align: center;\">Instituto Pedra de Raio<\/p>\n<p style=\"text-align: center;\"><a href=\"mailto:institutopedraderaio@gmail.com\">institutopedraderaio@gmail.com<\/a><\/p>\n<p style=\"text-align: center;\">(71) 993224493<\/p>\n<p>&nbsp;<\/p>\n<hr \/>\n<p><a href=\"https:\/\/seminariogrio3.wixsite.com\/iiseminariogrio\" target=\"_blank\" rel=\"noopener\"><img loading=\"lazy\" decoding=\"async\" class=\"aligncenter wp-image-1318\" src=\"https:\/\/nyemba.unilab.edu.br\/wp-content\/uploads\/2017\/11\/cartaz_para_web-1024x576.jpg\" alt=\"\" width=\"678\" height=\"381\" srcset=\"https:\/\/nyemba.unilab.edu.br\/wp-content\/uploads\/2017\/11\/cartaz_para_web-1024x576.jpg 1024w, https:\/\/nyemba.unilab.edu.br\/wp-content\/uploads\/2017\/11\/cartaz_para_web-300x169.jpg 300w, https:\/\/nyemba.unilab.edu.br\/wp-content\/uploads\/2017\/11\/cartaz_para_web-768x432.jpg 768w, https:\/\/nyemba.unilab.edu.br\/wp-content\/uploads\/2017\/11\/cartaz_para_web.jpg 1920w\" sizes=\"auto, (max-width: 678px) 100vw, 678px\" \/><\/a><\/p>\n<p style=\"text-align: center;\"><strong>Dia, Hor\u00e1rio e Local das Comunica\u00e7\u00f5es Orais:\u00a0<\/strong><\/p>\n<p style=\"text-align: center;\"><a href=\"https:\/\/drive.google.com\/file\/d\/1WmRiAQobIEBsCBEUC1u7sBktB9Yn3F5V\/view\"><strong>https:\/\/drive.google.com\/file\/d\/1WmRiAQobIEBsCBEUC1u7sBktB9Yn3F5V\/view<\/strong><\/a><\/p>\n<p>&nbsp;<\/p>\n<p>&nbsp;<\/p>\n<h3><\/h3>\n<hr \/>\n<p><a href=\"https:\/\/ufrb.edu.br\/portal\/noticias\/4922-ufrb-realiza-xi-forum-20-de-novembro-pro-igualdade-racial-e-inclusao-social-do-reconcavo\" target=\"_blank\" rel=\"noopener\"><img loading=\"lazy\" decoding=\"async\" class=\"aligncenter wp-image-1320 size-full\" src=\"https:\/\/nyemba.unilab.edu.br\/wp-content\/uploads\/2017\/11\/20171101_forum.jpg\" alt=\"\" width=\"680\" height=\"362\" srcset=\"https:\/\/nyemba.unilab.edu.br\/wp-content\/uploads\/2017\/11\/20171101_forum.jpg 680w, https:\/\/nyemba.unilab.edu.br\/wp-content\/uploads\/2017\/11\/20171101_forum-300x160.jpg 300w\" sizes=\"auto, (max-width: 680px) 100vw, 680px\" \/><\/a><\/p>\n<p style=\"text-align: center;\"><a href=\"https:\/\/ufrb.edu.br\/cecult\/ii-santo-amaro-afro\" target=\"_blank\" rel=\"noopener\"><img loading=\"lazy\" decoding=\"async\" class=\"aligncenter wp-image-1319\" src=\"https:\/\/nyemba.unilab.edu.br\/wp-content\/uploads\/2017\/11\/20171030115747_20171030_santo_amaro_afro2-1024x538.jpg\" alt=\"\" width=\"687\" height=\"361\" srcset=\"https:\/\/nyemba.unilab.edu.br\/wp-content\/uploads\/2017\/11\/20171030115747_20171030_santo_amaro_afro2-1024x538.jpg 1024w, https:\/\/nyemba.unilab.edu.br\/wp-content\/uploads\/2017\/11\/20171030115747_20171030_santo_amaro_afro2-300x158.jpg 300w, https:\/\/nyemba.unilab.edu.br\/wp-content\/uploads\/2017\/11\/20171030115747_20171030_santo_amaro_afro2-768x403.jpg 768w, https:\/\/nyemba.unilab.edu.br\/wp-content\/uploads\/2017\/11\/20171030115747_20171030_santo_amaro_afro2.jpg 1200w\" sizes=\"auto, (max-width: 687px) 100vw, 687px\" \/><\/a><\/p>\n<p style=\"text-align: center;\"><strong>Dia, Local e Hor\u00e1rio das Comunica\u00e7\u00f5es Orais:\u00a0\u00a0<\/strong><\/p>\n<p style=\"text-align: center;\"><a href=\"https:\/\/ufrb.edu.br\/cecult\/ii-santo-amaro-afro\/submissao-de-trabalhos\" target=\"_blank\" rel=\"noopener\"><strong>https:\/\/ufrb.edu.br\/cecult\/ii-santo-amaro-afro\/submissao-de-trabalhos<\/strong><\/a><\/p>\n<h3 style=\"text-align: center;\"><\/h3>\n<p>&nbsp;<\/p>\n<h3><\/h3>\n<hr \/>\n<p>&nbsp;<\/p>\n","protected":false},"excerpt":{"rendered":"<p>Confira os eventos da agenda do Novembro Negro na Bahia, que ter\u00e3o participa\u00e7\u00e3o confirmada de Membros do Nyemba. &nbsp; A UNILAB por meio do Grupo de estudos NYEMBA, em parceria com a Funda\u00e7\u00e3o Pedro Calmon por meio do Centro de Memorias da Bahia, convida a todxs para a exposi\u00e7\u00e3o &#8220;Navio Negreiro &#8211; Castro Alves e [&hellip;]<\/p>\n","protected":false},"author":2,"featured_media":1327,"comment_status":"open","ping_status":"open","sticky":false,"template":"","format":"standard","meta":{"footnotes":""},"categories":[23],"tags":[],"class_list":["post-1317","post","type-post","status-publish","format-standard","has-post-thumbnail","hentry","category-atividades-nyemba"],"_links":{"self":[{"href":"https:\/\/nyemba.unilab.edu.br\/index.php\/wp-json\/wp\/v2\/posts\/1317","targetHints":{"allow":["GET"]}}],"collection":[{"href":"https:\/\/nyemba.unilab.edu.br\/index.php\/wp-json\/wp\/v2\/posts"}],"about":[{"href":"https:\/\/nyemba.unilab.edu.br\/index.php\/wp-json\/wp\/v2\/types\/post"}],"author":[{"embeddable":true,"href":"https:\/\/nyemba.unilab.edu.br\/index.php\/wp-json\/wp\/v2\/users\/2"}],"replies":[{"embeddable":true,"href":"https:\/\/nyemba.unilab.edu.br\/index.php\/wp-json\/wp\/v2\/comments?post=1317"}],"version-history":[{"count":14,"href":"https:\/\/nyemba.unilab.edu.br\/index.php\/wp-json\/wp\/v2\/posts\/1317\/revisions"}],"predecessor-version":[{"id":1450,"href":"https:\/\/nyemba.unilab.edu.br\/index.php\/wp-json\/wp\/v2\/posts\/1317\/revisions\/1450"}],"wp:featuredmedia":[{"embeddable":true,"href":"https:\/\/nyemba.unilab.edu.br\/index.php\/wp-json\/wp\/v2\/media\/1327"}],"wp:attachment":[{"href":"https:\/\/nyemba.unilab.edu.br\/index.php\/wp-json\/wp\/v2\/media?parent=1317"}],"wp:term":[{"taxonomy":"category","embeddable":true,"href":"https:\/\/nyemba.unilab.edu.br\/index.php\/wp-json\/wp\/v2\/categories?post=1317"},{"taxonomy":"post_tag","embeddable":true,"href":"https:\/\/nyemba.unilab.edu.br\/index.php\/wp-json\/wp\/v2\/tags?post=1317"}],"curies":[{"name":"wp","href":"https:\/\/api.w.org\/{rel}","templated":true}]}}