{"id":1825,"date":"2018-02-19T11:28:10","date_gmt":"2018-02-19T14:28:10","guid":{"rendered":"http:\/\/nyemba.unilab.edu.br\/?p=1825"},"modified":"2018-02-19T11:28:43","modified_gmt":"2018-02-19T14:28:43","slug":"aula-magna-unilab-campus-dos-males","status":"publish","type":"post","link":"https:\/\/nyemba.unilab.edu.br\/index.php\/2018\/02\/19\/aula-magna-unilab-campus-dos-males\/","title":{"rendered":"Aula Magna &#8211; UNILAB &#8211; Campus dos Mal\u00eas"},"content":{"rendered":"<h4 style=\"text-align: center;\"><strong>Os colegiados dos cursos de Ci\u00eancias Sociais e Pedagogia do campus dos Mal\u00eas convidam toda comunidade acad\u00eamica para a Aula Magna que ser\u00e1 proferida pelo professor Ordep Serra, doutor em Antropologia Social pela Universidade de S\u00e3o Paulo.\u00a0<\/strong><\/h4>\n<p>&nbsp;<\/p>\n<hr \/>\n<p>&nbsp;<\/p>\n<p>&nbsp;<\/p>\n<p><img loading=\"lazy\" decoding=\"async\" class=\"aligncenter wp-image-1826 size-full\" src=\"https:\/\/nyemba.unilab.edu.br\/wp-content\/uploads\/2018\/02\/27857942_165471284084852_3711770084548449626_n.png\" alt=\"\" width=\"960\" height=\"678\" srcset=\"https:\/\/nyemba.unilab.edu.br\/wp-content\/uploads\/2018\/02\/27857942_165471284084852_3711770084548449626_n.png 960w, https:\/\/nyemba.unilab.edu.br\/wp-content\/uploads\/2018\/02\/27857942_165471284084852_3711770084548449626_n-300x212.png 300w, https:\/\/nyemba.unilab.edu.br\/wp-content\/uploads\/2018\/02\/27857942_165471284084852_3711770084548449626_n-768x542.png 768w\" sizes=\"auto, (max-width: 960px) 100vw, 960px\" \/><\/p>\n<p>&nbsp;<\/p>\n<hr \/>\n<p>&nbsp;<\/p>\n<h4 style=\"text-align: center;\"><strong>&#8220;Graduado em Letras pela UNB, Mestre em Antropologia Social pela UNB e Doutor em Antropologia pela USP. Professor aposentado Associado do Departamento de Antr<span class=\"text_exposed_show\">opologia da FFCH \/ UFBA. Professor Participante do Programa de P\u00f3s-Gradua\u00e7\u00e3o em Antropologia da UFBA, de que foi um dos fundadores e o primeiro coordenador. Membro da Associa\u00e7\u00e3o Brasileira de Antropologia, da SBPC, da Sociedade Brasileira de Estudos Cl\u00e1ssicos e da Sociedade Brasileira de Etnobiologia e Etnoecologia. Membro fundador do Grupo de Pesquisa \u201cEncruzilhada dos Saberes\u201d. Fundador e Coordenador do Grupo Hermes de Pesquisa e Promo\u00e7\u00e3o Social e do Movimento Vozes de Salvador. Membro do F\u00f3rum \u201cA cidade tamb\u00e9m \u00e9 nossa\u201d, por duas vezes seu coordenador. Membro titular do Conselho de Cultura do Estado da Bahia e Presidente de sua C\u00e2mara de Patrim\u00f4nio. Membro fundador de Koinonia Presen\u00e7a Ecum\u00eanica e Servi\u00e7o. Produ\u00e7\u00e3o principal em Antropologia da Religi\u00e3o, Antropologia das Sociedades Cl\u00e1ssicas, Etnobot\u00e2nica, Teoria Antropol\u00f3gica. Tradutor de textos cient\u00edficos e liter\u00e1rios. Escritor premiado tr\u00eas vezes em concursos nacionais de literatura, com obras de fic\u00e7\u00e3o (conto, novela). Membro da Academia de Letras da Bahia&#8221;.<\/span><\/strong><\/h4>\n<p>&nbsp;<\/p>\n<p>&nbsp;<\/p>\n<hr \/>\n<p>&nbsp;<\/p>\n","protected":false},"excerpt":{"rendered":"<p>Os colegiados dos cursos de Ci\u00eancias Sociais e Pedagogia do campus dos Mal\u00eas convidam toda comunidade acad\u00eamica para a Aula Magna que ser\u00e1 proferida pelo professor Ordep Serra, doutor em Antropologia Social pela Universidade de S\u00e3o Paulo.\u00a0 &nbsp; &nbsp; &nbsp; &nbsp; &nbsp; &#8220;Graduado em Letras pela UNB, Mestre em Antropologia Social pela UNB e Doutor [&hellip;]<\/p>\n","protected":false},"author":2,"featured_media":1826,"comment_status":"open","ping_status":"open","sticky":false,"template":"","format":"standard","meta":{"footnotes":""},"categories":[31],"tags":[],"class_list":["post-1825","post","type-post","status-publish","format-standard","has-post-thumbnail","hentry","category-atividades-unilab"],"_links":{"self":[{"href":"https:\/\/nyemba.unilab.edu.br\/index.php\/wp-json\/wp\/v2\/posts\/1825","targetHints":{"allow":["GET"]}}],"collection":[{"href":"https:\/\/nyemba.unilab.edu.br\/index.php\/wp-json\/wp\/v2\/posts"}],"about":[{"href":"https:\/\/nyemba.unilab.edu.br\/index.php\/wp-json\/wp\/v2\/types\/post"}],"author":[{"embeddable":true,"href":"https:\/\/nyemba.unilab.edu.br\/index.php\/wp-json\/wp\/v2\/users\/2"}],"replies":[{"embeddable":true,"href":"https:\/\/nyemba.unilab.edu.br\/index.php\/wp-json\/wp\/v2\/comments?post=1825"}],"version-history":[{"count":2,"href":"https:\/\/nyemba.unilab.edu.br\/index.php\/wp-json\/wp\/v2\/posts\/1825\/revisions"}],"predecessor-version":[{"id":1828,"href":"https:\/\/nyemba.unilab.edu.br\/index.php\/wp-json\/wp\/v2\/posts\/1825\/revisions\/1828"}],"wp:featuredmedia":[{"embeddable":true,"href":"https:\/\/nyemba.unilab.edu.br\/index.php\/wp-json\/wp\/v2\/media\/1826"}],"wp:attachment":[{"href":"https:\/\/nyemba.unilab.edu.br\/index.php\/wp-json\/wp\/v2\/media?parent=1825"}],"wp:term":[{"taxonomy":"category","embeddable":true,"href":"https:\/\/nyemba.unilab.edu.br\/index.php\/wp-json\/wp\/v2\/categories?post=1825"},{"taxonomy":"post_tag","embeddable":true,"href":"https:\/\/nyemba.unilab.edu.br\/index.php\/wp-json\/wp\/v2\/tags?post=1825"}],"curies":[{"name":"wp","href":"https:\/\/api.w.org\/{rel}","templated":true}]}}